{"headers": {"id": "ID", "ano": "Ano", "numero": "N\u00famero", "tipo__sigla": "Tipo Documento/Sigla", "tipo__descricao": "Tipo Documento/Descri\u00e7\u00e3o", "assunto": "Assunto"}, "results": [{"id": "1849", "ano": "2013", "numero": "1", "tipo__sigla": "ATA", "tipo__descricao": "Ata das Sess\u00f5es Ordin\u00e1rias- 1\u00ba PL", "assunto": "ATA DA 1\u00aa REUNI\u00c3O ORDIN\u00c1RIA DO CENT\u00c9SIMO TRIG\u00c9SIMO TERCEIRO ANO DA EMANCIPA\u00c7\u00c3O POL\u00cdTICA DO MUNIC\u00cdPIO DE TIMBA\u00daBA."}, {"id": "1850", "ano": "2013", "numero": "2", "tipo__sigla": "ATA", "tipo__descricao": "Ata das Sess\u00f5es Ordin\u00e1rias- 1\u00ba PL", "assunto": "ATA DA 2\u00aa REUNI\u00c3O ORDIN\u00c1RIA DO CENT\u00c9SIMO TRIG\u00c9SIMO TERCEIRO ANO DA EMANCIPA\u00c7\u00c3O POL\u00cdTICA DO MUNIC\u00cdPIO DE TIMBA\u00daBA."}, {"id": "1851", "ano": "2013", "numero": "3", "tipo__sigla": "ATA", "tipo__descricao": "Ata das Sess\u00f5es Ordin\u00e1rias- 1\u00ba PL", "assunto": "ATA DA 3\u00aa REUNI\u00c3O ORDIN\u00c1RIA DO CENT\u00c9SIMO TRIG\u00c9SIMO TERCEIRO ANO DA EMANCIPA\u00c7\u00c3O POL\u00cdTICA DO MUNIC\u00cdPIO DE TIMBA\u00daBA."}, {"id": "351", "ano": "2021", "numero": "1", "tipo__sigla": "ATA", "tipo__descricao": "Ata das Sess\u00f5es Ordin\u00e1rias- 1\u00ba PL", "assunto": "ATA DA 1\u00aa REUNI\u00c3O ORDIN\u00c1RIA DA C\u00c2MARA MUNICIPAL DE TIMBA\u00daBA DO ANO DE 2021.\r\nAOS 17 (DEZESSETE) DIAS DO M\u00caS DE FEVEREIRO DE 2021 (DOIS MIL E VINTE E UM), \u00c0S 20:00 (VINTE) HORAS, COM A PRESEN\u00c7A INICIAL DO N\u00daMERO DE VEREADORES QUE PROPORCIONOU O QU\u00d3RUM REGIMENTAL, O SENHOR PRESIDENTE DECLAROU, SOB A PROTE\u00c7\u00c3O DE DEUS, ABERTA A PRESENTE REUNI\u00c3O."}, {"id": "352", "ano": "2021", "numero": "2", "tipo__sigla": "ATA", "tipo__descricao": "Ata das Sess\u00f5es Ordin\u00e1rias- 1\u00ba PL", "assunto": "ATA DA 2\u00aa REUNI\u00c3O ORDIN\u00c1RIA DA C\u00c2MARA MUNICIPAL DE TIMBA\u00daBA DO ANO DE 2021.\r\nAOS 22 (VINTE E DOIS) DIAS DO M\u00caS DE FEVEREIRO DE 2021 (DOIS MIL E VINTE E UM), AS 20:00 (VINTE) HORAS, COM A PRESEN\u00c7A INICIAL COM O N\u00daMERO DE VEREADORES QUE PROPORCIONOU O QUORUM REGIMENTAL, O SENHOR PRESIDENTE DECLAROU, SOB A PROTE\u00c7\u00c3O DE DEUS, ABERTA A PRESENTE REUNI\u00c3O."}, {"id": "353", "ano": "2021", "numero": "3", "tipo__sigla": "ATA", "tipo__descricao": "Ata das Sess\u00f5es Ordin\u00e1rias- 1\u00ba PL", "assunto": "ATA DA 3\u00aa REUNI\u00c3O ORDIN\u00c1RIA DA C\u00c2MARA MUNICIPAL DE TIMSA\u00daBA DO ANO DE 2021.\r\nAOS 23 (VINTE E TR\u00caS) DIAS 00 M\u00caS DE FEVEREIRO DE 2021 ( OIS MIL E VINTE E UM), \u00c0S 20:00 (VINTE) HORAS, COMA A RESEN\u00c7AINICIAL DO N\u00daMERODE VEREADORES QUE PORCIONOU O QUORUM REGIMENTAL, O SENHO PRESIDENTE DECLAROU, SOB A PROTE\u00c7\u00c3O DE DEUS, ABERTA A PRESENTE REUNI\u00c3O."}, {"id": "354", "ano": "2021", "numero": "4", "tipo__sigla": "ATA", "tipo__descricao": "Ata das Sess\u00f5es Ordin\u00e1rias- 1\u00ba PL", "assunto": "ATA DA 4\u00aa REUNIAO ORDINARIA DA CAMARA MUNICIPAL DE TIMBA\u00daBA DO ANO DE 2021.\r\nAOS 24 (VINTE E QUATRO) DIAS DO M\u00caS DE FEVEREIRO DE 2021 (DOIS MIL E VINTE E UM), AS 20:00 (VINTE) HORAS, COM A PRESEN\u00c7A INICIAL DO\r\nN\u00daMERO DE VEREADORES QUE PROPORCIONOU O QU\u00d3RUM REGIMENTAL, O SENHOR PRESIDENTE DECLAROU, SOB A PROTE\u00c7\u00c3O DE DEUS, ABERTA A\r\nPRESENTE REUNI\u00c3O."}, {"id": "419", "ano": "2021", "numero": "5", "tipo__sigla": "ATA", "tipo__descricao": "Ata das Sess\u00f5es Ordin\u00e1rias- 1\u00ba PL", "assunto": "ATA DA 5\u00aa REUNIAO ORDINARIA DA CAMARA MUNICIPAL DE TIMBA\u00daBA DO ANO DE 2021.\r\nAO 1\u00ba (PRIMEIRO) DIA DO M\u00caS DE MAR\u00c7O DE 2021 (DOIS MIL E VINTE E UM), \u00c0S 20:00 (VINTE) HORAS, COM A PRESEN\u00c7A INICIAL DO N\u00daMERO, DE\r\nVEREADORES QUE PROPORCIONOU O QUORUM REGIMENTAL, O SENHOR PRESIDENTE DECLAROU, SOB A PROTE\u00c7\u00c3ODE DEUS, ABERTA A PRESENTEREUNI\u00c3O."}, {"id": "420", "ano": "2021", "numero": "6", "tipo__sigla": "ATA", "tipo__descricao": "Ata das Sess\u00f5es Ordin\u00e1rias- 1\u00ba PL", "assunto": "ATA DA 6\u00aa REUNI\u00c3O ORDIN\u00c1RIA DA C\u00c2MARA MUNICIPAL DE TIMBA\u00daBA DO ANO DE 2021.\r\nAOS 3 (TR\u00caS) DIAS DO M\u00caSDE MAR\u00c7ODE 2021 (DOIS MIL E VINTE E UM), \u00c0S 19:00 (DEZENOVE) HORAS, COM A AUS\u00caNCIA DO PRESIDENTE DA C\u00c2MARA, O VEREADOR JOSINALDO BARBOSA DE ARA\u00daJO, ASSUMIU INTERINAMENTE A PRESID\u00caNCIA DESTA  CASA, O SEGUNDO VICE - PRESIDENTE O VEREADOR JOS\u00c9 BERNARDO DE FARIAS."}, {"id": "421", "ano": "2021", "numero": "7", "tipo__sigla": "ATA", "tipo__descricao": "Ata das Sess\u00f5es Ordin\u00e1rias- 1\u00ba PL", "assunto": "ATA DA 7\u00aa REUNI\u00c3O, ORDIN\u00c1RIA DA C\u00c2MARA MUNICIPAL DE TIMBAUBA DO ANO DE 2021.\r\nAOS 5 (CINCO) DIAS DO MES DE MAR\u00c7O DE 2021 (DOIS MIL E VINTE E UM), \u00c0S 19:00 (DEZENOVE) HORAS, COM A PRESEN\u00c7A INICIAL DO N\u00daMERO DE VEREADORES QUE PROPORCIONOU O QU\u00d3RUM REGIMENTAL, O SENHOR PRESIDENTE DECLAROU, SOB A PROTE\u00c7\u00c3O DE DEUS, ABERTA A PRESENTE REUNI\u00c3O."}, {"id": "422", "ano": "2021", "numero": "8", "tipo__sigla": "ATA", "tipo__descricao": "Ata das Sess\u00f5es Ordin\u00e1rias- 1\u00ba PL", "assunto": "ATA DA 8\u00aa REUNI\u00c3O ORDIN\u00c1RIA DA C\u00c2MARA MUNICIPAL DE TIMBA\u00daBA DO ANO DE 2021.\r\nAOS 12 (DOZE) DIAS DO M\u00caS DE MAR\u00c7O DE 2021 (DOIS MIL E VINTE E UM), AS 19:00 (DE,ZENOVE) HORAS, COM A PRESEN\u00c7A INICIAL DO NUMER,O DE\r\nVEREADORES QUE PROPORCIONOU O QUORUM REGIMENTAL, O SENHOR PRESIDENTE DECLAROU, SOB A PROTEC\u00c3O DE DEUS, ABERTA A PRESENTE\r\nREUNI\u00c3O."}, {"id": "423", "ano": "2021", "numero": "9", "tipo__sigla": "ATA", "tipo__descricao": "Ata das Sess\u00f5es Ordin\u00e1rias- 1\u00ba PL", "assunto": "ATA DA 9\u00aa REUNI\u00c3O, ORDIN\u00c1RIA DA C\u00c2MARA MUNICIPAL DE TIMBAUBA DO ANO DE 2021.\r\nAOS 15 (QUINZE) DIAS DO M\u00caS DE MAR\u00c7O DE 2021 (DOIS MIL E VINTE E UM), \u00c0S 19:00 (DEZENOVE) HORAS, COM A PRESEN\u00c7A INICIAL DO N\u00daMERO DE VEREADORES QUE PROPORCIONOU O QU\u00d3RUM REGIMENTAL, O SENHOR PRESIDENTE DECLAROU, SOB A PROTE\u00c7\u00c3O DE DEUS, ABERTA A PRESENTE REUNI\u00c3O."}, {"id": "424", "ano": "2021", "numero": "10", "tipo__sigla": "ATA", "tipo__descricao": "Ata das Sess\u00f5es Ordin\u00e1rias- 1\u00ba PL", "assunto": "ATA DA 10\u00aa REUNI\u00c3O ORDIN\u00c1RIA DA C\u00c2MARA MUNICIPAL DE TIMBA\u00daBA DO ANO DE 2021.\r\nAOS 17 (DEZESSETE) DIAS DO M\u00caS DE MAR\u00c7O DE 2021 (DOIS MIL E VINTE E UM), \u00c0S 19:00 (DEZENOVE) I HORAS, COM A PRESEN\u00c7A INICIAL DO NUMERO DE I VEREADORES QUE PROPORCIONOU O QUORUM REGIMENTAL, O SENHOR PRESIDENTE DECLAROU, SOB A PROTE\u00c7\u00c3O DE DEUS, ABERTA A PRESENTE REUNI\u00c3O."}, {"id": "425", "ano": "2021", "numero": "11", "tipo__sigla": "ATA", "tipo__descricao": "Ata das Sess\u00f5es Ordin\u00e1rias- 1\u00ba PL", "assunto": "ATA DA 11\u00aa REUNI\u00c3O ORDIN\u00c1RIA DA C\u00c2MARA MUNICIPAL DE TIMBA\u00daBA DO ANO DE 2021.\r\nAOS 14 (QUARTOZE) DIAS DO M\u00caS DE ABRIL DE 2021 (DOIS MIL E VINTE E UM), \u00c0S 19:00 (DEZENOVE) HORAS, COM A PRESEN\u00c7A INICIAL DO N\u00daMER,O DE VEREADORES QUE PROPORCIONOU O QUORUM REGIMENTAL, O SENHOR PRESIDENTE DECLAROU, SOB A PROTE\u00c7\u00c3O DE DEUS, ABERTA A PRESENTE REUNI\u00c3O."}, {"id": "426", "ano": "2021", "numero": "12", "tipo__sigla": "ATA", "tipo__descricao": "Ata das Sess\u00f5es Ordin\u00e1rias- 1\u00ba PL", "assunto": "ATA DA 12\u00aa REUNI\u00c3O ORDIN\u00c1RIA DA C\u00c2MARA MUNICIPAL DE TIMBA\u00daBA DO ANO DE 2021.\r\nAOS 22 (VINTE E DOIS) DIAS DO M\u00caS DE ABRIL DE 2021 (DOIS MIL E VINTE E UM), \u00c0S 18:00 (DEZOITO) HORAS, COM A PRESEN\u00c7A INICIAL DO N\u00daMERO DE VEREADORES QUE PROPORCIONOU O QU\u00d3RUM REGIMENTAL, O SENHOR PRESIDENTE DECLAROU, SOB A PROTE\u00c7\u00c3O DE DEUS, ABERTA A PRESENTE REUNI\u00c3O."}, {"id": "427", "ano": "2021", "numero": "13", "tipo__sigla": "ATA", "tipo__descricao": "Ata das Sess\u00f5es Ordin\u00e1rias- 1\u00ba PL", "assunto": "ATA DA 13\u00aa REUNI\u00c3O ORDIN\u00c1RIA DA C\u00c2MARA MUNICIPAL DE TIMBA\u00daBA DO ANO DE 2021.\r\nAOS 26 (VINTE E SEIS) DIAS DO M\u00caS DE ABRIL DE 2021 (DOIS MIL E VINTE E UM), \u00c0S 18:00 (DEZOITO) HORAS, COM A PRESEN\u00c7A INICIAL DO N\u00daMERO DE VEREADORES QUE PROPORCIONOU O QU\u00d3RUM REGIMENTAL, O SENHOR PRESIDENTE DECLAROU, SOB A PROTE\u00c7\u00c3O DE DEUS, ABERTA A PRESENTE REUNI\u00c3O."}, {"id": "428", "ano": "2021", "numero": "14", "tipo__sigla": "ATA", "tipo__descricao": "Ata das Sess\u00f5es Ordin\u00e1rias- 1\u00ba PL", "assunto": "ATA DA 14\u00aa REUNI\u00c3O ORDIN\u00c1RIA DA C\u00c2MARA MUNICIPAL DE TIMBA\u00daBA DO ANO DE 2021.\r\nAOS 27 (VINTE E SETE) DIAS DO M\u00caS DE ABRIL DE 2021 (DOIS MIL E VINTE E UM), \u00c0S 18:00 (DEZOITO) HORAS, COM A AUS\u00caNCIA DO PRESIDENTE DA\r\nC\u00c2MARA, O VEREADOR JOSINALDO BARBOSA DE ARA\u00daJO, ASSUMIU INTERINAMENTE A PRESID\u00caNCIA DESTA CASA, O SEGUNDO VICE - PRESIDENTE O\r\nVEREADOR JOS\u00c9 BERNARDO DE FARIAS. COM A PRESEN\u00c7AINICIAL DO N\u00daMERO DE VEREADORESQUE PROPORCIONOU O QU\u00d3RUM REGIMENTAL, O SENHOR PRESIDENTE INTERINO DECLAROU, SOB A PROTE\u00c7\u00c3O DE DEUS, ABERTA A PRESENTE REUNI\u00c3O"}, {"id": "429", "ano": "2021", "numero": "15", "tipo__sigla": "ATA", "tipo__descricao": "Ata das Sess\u00f5es Ordin\u00e1rias- 1\u00ba PL", "assunto": "ATA DA 15\u00aa REUNIAO ORDINARIA DA CAMARA MUNICIPAL DE TIMBA\u00daBA DO ANO DE 2021.\r\nAOS 28 (VINTE E OITO) DIAS DO M\u00caS DE ABRIL DE 2021 (DOIS MIL E VINTE E UM), \u00c0S 18:00 (DEZOITO) HORAS, COM A PRESEN\u00c7A INICIAL DO N\u00daMERO DE VEREADORES QUE PROPORCIONOU O QU\u00d3RUM REGIMENTAL, O SENHOR PRESIDENTE DECLAROU, SOB A PROTE\u00c7\u00c3O DE DEUS, ABERTA A PRESENTE REUNI\u00c3O."}, {"id": "430", "ano": "2021", "numero": "16", "tipo__sigla": "ATA", "tipo__descricao": "Ata das Sess\u00f5es Ordin\u00e1rias- 1\u00ba PL", "assunto": "ATA DA 16\u00aa REUNI\u00c3O ORDIN\u00c1RIA DA C\u00c2MARA MUNICIPAL DE TIMBA\u00daBA DO ANO DE 2021.\r\nAOS 04 (QUATRO) DIAS DO M\u00caS DE MAIO DE 2021 (DOIS MIL E VINTE E UM), \u00c0S 19:00 (DEZENOVE) HORAS, COM A AUS\u00caNCIA DO PRESIDENTE DA\r\nC\u00c2MARA, O VEREADOR JOSINALDO BARBOSA DE ARA\u00daJO, ASSUMIU INTERINAMENTE A PRESID\u00caNCIA DESTA CASA, O, SEGUNDO VICE - PRESIDENTE O\r\nVEREADOR JOSE BERNA,RDO DE FARIAS. COM A PRESEN\u00c7AINICIAL DO NUMERO DEVEREADORESQUE PROPORCIONOU O QU\u00d3RUM REGIMENTAL, O SENHOR PRESIDENTE INTERINO DECLAROU, SOB A PROTE\u00c7\u00c3O DE DEUS, ABERTA A PRESENTE REUNI\u00c3O."}, {"id": "431", "ano": "2021", "numero": "17", "tipo__sigla": "ATA", "tipo__descricao": "Ata das Sess\u00f5es Ordin\u00e1rias- 1\u00ba PL", "assunto": "ATA DA 17\u00aa REUNIA,O ORDINARIA DA CAMARA MUNICIPAL DE TIMBAUBA DO ANO DE 2021.\r\nAOS 05 (CINCO) DIAS DO M\u00caS DE MAIO DE 2021 (DOIS MIL E VINTE E UM), \u00c0S 19:00 (DEZENOVE), HORAS, COM A PRESEN\u00c7A INICIAL DO NUMERO DE\r\nVEREADORES QUE PROPORCIONOU O QU\u00d3RUM REGIMENTAL, O SENHOR PRESIDENTE DECLAROU, SOB A PROTE\u00c7\u00c3O DE DEUS, ABERTA A PRESENTE\r\nREUNI\u00c3O"}, {"id": "432", "ano": "2021", "numero": "18", "tipo__sigla": "ATA", "tipo__descricao": "Ata das Sess\u00f5es Ordin\u00e1rias- 1\u00ba PL", "assunto": "ATA DA 18\u00aa REUNI\u00c3O ORDIN\u00c1RIA DA C\u00c2MARA MUNICIPAL DE TIMBA\u00daBA DO ANO DE 2021.\r\nAOS 12 (DOZE) DIAS DO M\u00caS DE MAIO DE 2021 (DOIS MIL E VINTE E UM), \u00c0S 18:00 (DEZOITO) HORAS, COM A PRESEN\u00c7A INICIAL DO N\u00daMERO DE VEREADORES QUE PROPORCIONOU O QU\u00d3RUM REGIMENTAL, O SENHOR PRESIDENTE DECLAROU, SOB A PROTE\u00c7\u00c3O DE DEUS, ABERTA A PRESENTE REUNI\u00c3O."}, {"id": "433", "ano": "2021", "numero": "19", "tipo__sigla": "ATA", "tipo__descricao": "Ata das Sess\u00f5es Ordin\u00e1rias- 1\u00ba PL", "assunto": "ATA DA 19\u00aa REUNIAO ORDINARIA DA CAMARA MUNICIPAL DE TIMBA\u00daBA DO ANO DE 2021.\r\nAOS 17 (DEZESSETE) DIAS DO MES DE MAIO DE 2021 (DOIS MIL E VINTE E UM), AS 19:00 (DEZENOVE) HORAS, COM A PRESEN\u00c7A INICIAL DO N\u00daMERO DE VEREADORES QUE PROPORCIONOU O QU\u00d3RUM REGIMENTAL, O SENHOR PRESIDENTE DECLAROU, SOB A PROTE\u00c7\u00c3O DE DEUS, ABERTA A PRESENTE REUNI\u00c3O."}, {"id": "434", "ano": "2021", "numero": "20", "tipo__sigla": "ATA", "tipo__descricao": "Ata das Sess\u00f5es Ordin\u00e1rias- 1\u00ba PL", "assunto": "ATA DA 20\u00aa REUNI\u00c3O ORDIN\u00c1RIA DA C\u00c2MARA MUNICIPAL DE TIMBA\u00daBA, DO ANO DE 2021.\r\nAO 24 (VINTE E QUATRO) DIAS DO M\u00caS DE MAIO DE 2021 (DOIS MIL E VINTE E UM), \u00c0S 19:00 (DEZENOVE) HORAS, COM A PRESEN\u00c7A INICIAL DO NUMERO DE VEREADORES QUE PROPORCIONOU O QU\u00d3RUM REGIMENTAL, O SENHOR PRESIDENTE DECLAROU, SOB A PROTE\u00c7\u00c3O DE DEUS, ABERTA A PRESENTE REUNI\u00c3O."}, {"id": "435", "ano": "2021", "numero": "21", "tipo__sigla": "ATA", "tipo__descricao": "Ata das Sess\u00f5es Ordin\u00e1rias- 1\u00ba PL", "assunto": "ATA DA 21\u00aa REUNI\u00c3O ORDIN\u00c1RIA DA C\u00c2MARA MUNICIPAL DE TIMBA\u00daBA, DO ANO DE 2021.\r\nAO 1\u00ba (PRIMEIRO) DIA DO M\u00caS DE JUNHO DE 2021 (DOIS MIL E VINTE E UM), \u00c0S 19:00 (DEZENOVE), HORAS COM A PRESEN\u00c7A INICIAL DO NUMERO DE\r\nVEREADORES QUE PROPORCIONOU O QU\u00d3RUM REGIMENTAL, O SENHOR PRESIDENTE DECLAROU, SOB A PROTE\u00c7\u00c3O DE DEUS, ABERTA A PRESENTE\r\nREUNI\u00c3O."}, {"id": "436", "ano": "2021", "numero": "22", "tipo__sigla": "ATA", "tipo__descricao": "Ata das Sess\u00f5es Ordin\u00e1rias- 1\u00ba PL", "assunto": "ATA DA 22\u00aa REUNI\u00c3O ORDIN\u00c1RIA DA C\u00c2MARA MUNICIPAL DE TIMBA\u00daBA, DO ANO DE 2021.\r\nAO 9\u00ba (NONO) DIA DO M\u00caS DE JUNHO DE 2021 (DOIS MIL EVINTE E UM), \u00c0S 19:00 (DEZENOVE) HORAS COM A PRESEN\u00c7A INICIAL DO NUMERO DE VEREADORES QUE PROPORCIONOU O QU\u00d3RUM REGIMENTAL, O SENHOR PRESIDENTE DECLAROU, SOB A PROTE\u00c7AO DE DEUS, ABERTA A PRESENTE REUNI\u00c3O."}, {"id": "437", "ano": "2021", "numero": "23", "tipo__sigla": "ATA", "tipo__descricao": "Ata das Sess\u00f5es Ordin\u00e1rias- 1\u00ba PL", "assunto": "ATA DA 23\u00aa REUNI\u00c3O ORDIN\u00c1RIA DA C\u00c2MARA MUNICIPAL DE TIMBA\u00daBA, DO ANO DE 2021.\r\nAOS 14 (CATORZE) DIAS DO M\u00caS DE JUNHO DE 2021 (DOIS MIL E VINTE E UM), \u00c0S 19:00 (D,EZENOVE) HORAS COM A PRESEN\u00c7A INICIAL DO NUMERO DE VEREADORES QUE PROPORCIONOU O QU\u00d3RUM REGIMENTAL, O SENHOR PRESIDENTE DECLAROU, SOB A PROTE\u00c7\u00c3O DE DEUS, ABERTA A PRESENTE REUNI\u00c3O."}, {"id": "438", "ano": "2021", "numero": "24", "tipo__sigla": "ATA", "tipo__descricao": "Ata das Sess\u00f5es Ordin\u00e1rias- 1\u00ba PL", "assunto": "ATA DA 24\u00aa REUNI\u00c3O ORDIN\u00c1RIA DA C\u00c2MARA MUNICIPAL DE TIMBA\u00daBA, DO ANO DE 2021.\r\nAOS 28 (VINTE E OITO) DIAS DO M\u00caS DE JUNHO DE 2021 (DOIS MIL E VINTE E UM), AS 18:00 (DEZOITO) HORAS COM A PRESEN\u00c7A INICIAL DO NUMERO DE VEREADORES QUE PROPORCIONOU O QUORUM REGIMENTAL, O SENHOR PRESIDENTE DECLAROU, SOB A PROTE\u00c7\u00c3O DE DEUS, ABERTA A PRESENTE REUNI\u00c3O."}, {"id": "439", "ano": "2021", "numero": "25", "tipo__sigla": "ATA", "tipo__descricao": "Ata das Sess\u00f5es Ordin\u00e1rias- 1\u00ba PL", "assunto": "ATA DA 25\u00aa REUNIAO ORDINARIA DA CAMARA MUNICIPAL DE TIMBA\u00daBA, DO ANO DE 2021.\r\nAOS 30 (TRINTA) DIAS DO M\u00caS DE JUNHO DE 2021 (DOIS MIL E VINTE E UM), \u00c0S 18:00 (DEZOITO) HORAS COM A PRESEN\u00c7A INICIAL DO N\u00daMERO DE VEREADORES QUE PROPORCIONOU O QUORUM REGIMENTAL, O SENHOR PRESIDENTE DECLAROU, SOB A PROTE\u00c7AO DE DEUS, ABERTA A PRESENTE REUNI\u00c3O."}, {"id": "610", "ano": "2022", "numero": "1", "tipo__sigla": "ATA", "tipo__descricao": "Ata das Sess\u00f5es Ordin\u00e1rias- 1\u00ba PL", "assunto": "ATA DA 1\u00aa REUNI\u00c3O, ORDIN\u00c1RIA DA C\u00c2MARA MUNICIPAL DE TIMBAUBA, DO ANO DE 2022.\r\nAOS 15 (QUINZE) DIAS DO M\u00caS DE FEVEREIRO DE 2022 (DOIS MIL E VINTE E DOIS), \u00c0S 19:00H (DEZENOVE HORAS), COM A PRESEN\u00c7A INICIAL DO N\u00daMERO, DE VEREADORES QUE PROPORCIONOU O QUORUM REGIMENTAL, O SENHOR PRESIDENTE DECLAROU, SOB A PROTE\u00c7\u00c3O DE DEUS, ABERTA A PRESENTE REUNI\u00c3O."}, {"id": "611", "ano": "2022", "numero": "2", "tipo__sigla": "ATA", "tipo__descricao": "Ata das Sess\u00f5es Ordin\u00e1rias- 1\u00ba PL", "assunto": "ATA DA 2\u00aa REUNI\u00c3O ORDIN\u00c1RIA DA C\u00c2MARA MUNICIPAL DE TIMBA\u00daBA, DO ANO DE 2022.\r\nAOS 18 (DEZOITO) DIAS DO MES DE FEVEREIRO DE 2022 (DOIS MIL E VINTE E DOIS), \u00c0S 19:00H (DEZENOVE HORAS), COM A PRESEN\u00c7A INICIAL DO\r\nN\u00daMERO DE VEREADORES QUE PROPORCIONOU O QU\u00d3RUM REGIMENTAL, O SENHOR PRESIDENTE DECLAROU, SOB A PROTE\u00c7\u00c3O DE DEUS, ABERTA A\r\nPRESENTE REUNI\u00c3O."}, {"id": "612", "ano": "2022", "numero": "3", "tipo__sigla": "ATA", "tipo__descricao": "Ata das Sess\u00f5es Ordin\u00e1rias- 1\u00ba PL", "assunto": "ATA DA 3\u00aa REUNI\u00c3O ORDIN\u00c1RIA DA C\u00c2MARA MUNICIPAL DE TIMBA\u00daBA, DO ANO DE 2022.\r\nAOS 21 (VINTE E UM) DIAS DO M\u00caS DE FEVEREIRO DE 2022 (DOIS MIL E VINTE E DOIS), \u00c0S 19:00H (D,EZENOVE HORAS), COM A PRESEN\u00c7A INICIAL DO\r\nNUMERO DE VEREADORES QUE PROPORCIONOU O QU\u00d3RUM REGIMENTAL, O SENHOR PRESIDENTE DECLAROU, SOB A PROTE\u00c7\u00c3O DE DEUS, ABERTA A\r\nPRESENTE REUNI\u00c3O."}, {"id": "613", "ano": "2022", "numero": "4", "tipo__sigla": "ATA", "tipo__descricao": "Ata das Sess\u00f5es Ordin\u00e1rias- 1\u00ba PL", "assunto": "ATA DA 4\u00aa REUNIAO ORDINARIA DA CAMARA MUNICIPAL DE TIMBA\u00daBA, DO ANO DE 2022.\r\nAOS 22 (VINTE E DOIS) DIAS DO MES DE FEVEREIRO DE 2022 (DOIS MIL E VINTE E DOIS), \u00c0S 19:00H (DEZENOVE HORAS), COM A PRESEN\u00c7A INICIAL DO\r\nN\u00daMERO DE VEREADORES QUE PROPORCIONOU O QU\u00d3RUM REGIMENTAL, O SENHOR PRESIDENTE DECLAROU, SOB A PROTE\u00c7\u00c3O DE DEUS, ABERTA A\r\nPRESENTE REUNI\u00c3O."}, {"id": "617", "ano": "2022", "numero": "5", "tipo__sigla": "ATA", "tipo__descricao": "Ata das Sess\u00f5es Ordin\u00e1rias- 1\u00ba PL", "assunto": "ATA DA 5\u00aa REUNI\u00c3O, ORDIN\u00c1RIA DA C\u00c2MARA MUNICIPAL DE TIMBAUBA, DO ANO DE 2022.\r\nAOS 23 (VINTE E TR\u00caS) DIAS DO M\u00caS DE FEVEREIRO DE 2022 (DOIS MIL E VINTE E DOIS), \u00c0S 19:00H (DEZENOVE HORAS), COM A PRESEN\u00c7AINICIAL DO\r\nN\u00daMERO DE VEREADORES QUE PROPORCIONOU O QU\u00d3RUM REGIMENTAL, O SENHOR PRESIDENTE DECLAROU, SOB A PROTE\u00c7\u00c3O DE DEUS, ABERTA A\r\nPRESENTE REUNI\u00c3O."}, {"id": "618", "ano": "2022", "numero": "6", "tipo__sigla": "ATA", "tipo__descricao": "Ata das Sess\u00f5es Ordin\u00e1rias- 1\u00ba PL", "assunto": "ATA DA 6\u00aa REUNI\u00c3O ORDIN\u00c1RIA DA C\u00c2MARA MUNICIPAL DE TIMBA\u00daBA, DO ANO DE 2022.\r\nAOS 02 (DOIS) DIAS DO M\u00caS DE MAR\u00c7O DE 2022 (DOIS MIL E VINTE E DOIS), \u00c0S 19:00H (DEZENOVE HORAS), COM A PRESEN\u00c7A INICIAL DO N\u00daMERO DE VEREADORES QUE PROPORCIONOU O QU\u00d3RUM REGIMENTAL, O SENHOR PRESIDENTE DECLAROU, SOB \u00c3 PROTE\u00c7\u00c3O DE DEUS, ABERTA A PRESENTE REUNI\u00c3O."}, {"id": "619", "ano": "2022", "numero": "7", "tipo__sigla": "ATA", "tipo__descricao": "Ata das Sess\u00f5es Ordin\u00e1rias- 1\u00ba PL", "assunto": "ATA DA 7\u00aa REUNI\u00c3O ORDIN\u00c1RIA DA C\u00c2MARA MUNICIPAL DE TIMBAUBA, DO ANO DE 2022.\r\nAOS 03 (TRES) DIAS DO MES DE MAR\u00c7O DE 2022 (DOIS MIL E VINTE E DOIS), \u00c0S 19:00H (DEZENOVE HORAS), COM A PRESEN\u00c7AINICIAL DO N\u00daMERO DE VEREADORES QUE PROPORCIONOU O QU\u00d3RUM REGIMENTAL, O SENHOR PRESIDENTE DECLAROU, SOB A PROTE\u00c7\u00c3O DE DEUS, ABERTA A PRESENTE REUNI\u00c3O."}, {"id": "620", "ano": "2022", "numero": "8", "tipo__sigla": "ATA", "tipo__descricao": "Ata das Sess\u00f5es Ordin\u00e1rias- 1\u00ba PL", "assunto": "ATA DA 8\u00aa REUNI\u00c3O ORDIN\u00c1RIA DA C\u00c2MARA MUNICIPAL DE TIMBA\u00daBA, DO ANO DE 2022.\r\nAOS 08 (OITO) DIAS DO M\u00caS DE MAR\u00c7O DE 2022 (DOIS MIL E VINTE E DOIS), \u00c0S 19:00H (DEZENOVE HORAS), COM A PRESEN\u00c7A INICIAL DO NUMERO DE VEREADORES QUE PROPORCIONOU O QU\u00d3RYM REGIMENTAL, O SENHOR PRESIDENTE DECLAROU, SOB A PROTE\u00c7\u00c3O DE DEUS, ABERTA A PRESENTE REUNI\u00c3O."}, {"id": "621", "ano": "2022", "numero": "9", "tipo__sigla": "ATA", "tipo__descricao": "Ata das Sess\u00f5es Ordin\u00e1rias- 1\u00ba PL", "assunto": "ATA DA 9\u00aa REUNI\u00c3O ORDIN\u00c1RIA DA C\u00c2MARA MUNICIPAL DE TIMBA\u00daBA, DO ANO DE 2022.\r\nAOS 21 (VINTE E UM) DIAS DO M\u00caS DE MAR\u00c7O DE 2022 (DOIS MIL E VINTE E DOIS), \u00c0S 19:00H (DEZENOVE HORAS), COM A PRESEN\u00c7A INICIAL DO N\u00daMERO DE VEREADORES QUE PROPORCIONOU O QU\u00d3RUM REGIMENTAL, O SENHOR PRESIDENTE DECLAROU, SOB A PROTE\u00c7\u00c3O DE DEUS, ABERTA A PRESENTE REUNI\u00c3O."}, {"id": "622", "ano": "2022", "numero": "10", "tipo__sigla": "ATA", "tipo__descricao": "Ata das Sess\u00f5es Ordin\u00e1rias- 1\u00ba PL", "assunto": "ATA DA 10\u00aa REUNI\u00c3O ORDIN\u00c1RIA DA C\u00c2MARA MUNICIPAL DE TIMBA\u00daBA, DO ANO DE 2022.\r\nAOS 22 (VINTE E DOIS) DIAS DO M\u00caS DE MAR\u00c7O DE 2022 (DOIS MIL E VINTE E DOIS); \u00c0S 19:30H (DEZENOVE HORA E TRINTA MINUTOS), COM A PRESEN\u00c7A INICIAL DO NUMERO DE VEREADORES QUE PROPORCIONOU O QUORUM REGIMENTAL, O SENHOR PRESIDENTE DECLAROU, SOB A PROTE\u00c7\u00c3O DE DEUS, ABERTA A PRESENTE REUNIAO."}, {"id": "623", "ano": "2022", "numero": "11", "tipo__sigla": "ATA", "tipo__descricao": "Ata das Sess\u00f5es Ordin\u00e1rias- 1\u00ba PL", "assunto": "ATA DA 11\u00aa REUNIAO ORDINARIA DA C\u00c2MARA MUNICIPAL DE TIMBA\u00daBA, DO ANO DE 2022.\r\nAOS 06 (SEIS) DIAS DO M\u00caS DE ABRIL DE 2022 (DOIS MIL E VINTE E DOIS), \u00c0S 19:30H (DEZENOVE HORAS E TRINTA MINUTOS), COM A PRESEN\u00c7A INICIAL DO N\u00daMERO DE VEREADORES QUE PROPORCIONOU O QU\u00d3RUM REGIMENTAL, O SENHOR PRESIDENTE DECLAROU, SOB A PROTE\u00c7\u00c3O DE DEUS, ABERTA A PRESENTE REUNI\u00c3O."}, {"id": "624", "ano": "2022", "numero": "12", "tipo__sigla": "ATA", "tipo__descricao": "Ata das Sess\u00f5es Ordin\u00e1rias- 1\u00ba PL", "assunto": "ATA DA 12\u00aa REUNI\u00c3O ORDIN\u00c1RIA DA C\u00c2MARA MUNICIPAL DE TIMBA\u00daBA, DO ANO DE 2022.\r\nAOS 07 (SETE) DIAS DO M\u00caS DE ABRIL DE 2022 (DOIS MIL EVINTE E DOIS), \u00c0S 19:00 H (DEZENOVE HORAS), COM A PRESEN\u00c7A INICIAL DO NUMERO DE\r\nVEREADORES QUE PROPORCIONOU O QU\u00d3RUM REGIMENTAL, O SENHOR PRESIDENTE DECLAROU, SOB A PROTE\u00c7\u00c3O DE DEU ABERTA A PRESENTE\r\nREUNI\u00c3O."}, {"id": "625", "ano": "2022", "numero": "13", "tipo__sigla": "ATA", "tipo__descricao": "Ata das Sess\u00f5es Ordin\u00e1rias- 1\u00ba PL", "assunto": "ATA DA 13\u00aa REUNI\u00c3O ORDIN\u00c1RIA DA C\u00c2MARA MUNICIPAL DE TIMBA\u00daBA, DO ANO DE 2022.\r\nAOS 11 (ONZE) DIAS DO M\u00caSDE ABRIL DE 2022 (DOIS MIL EVINTE E DOIS), \u00c0S 19:00 H (DEZENOVE HORAS) COM A PRESEN\u00c7A INICIAL DO N\u00daMERO DE\r\nVEREADORES QUE PROPORCIONOU O QU\u00d3RUM REGIMENTAL, O SENHOR PRESIDENTE DECLAROU, SOB A PROTE\u00c7\u00c3O DE DEUS, ABERTA A PRESENTE\r\nREUNI\u00c3O."}, {"id": "626", "ano": "2022", "numero": "14", "tipo__sigla": "ATA", "tipo__descricao": "Ata das Sess\u00f5es Ordin\u00e1rias- 1\u00ba PL", "assunto": "ATA DA 14\u00aa REUNIAO ORDINARIA DA CAMARA MUNICIPAL DE TIMBA\u00daBA, DO ANO DE 2022.\r\nAOS 12 (DOZE) DIAS DO M\u00caS DE ABRIL DE 2022 (DOIS MIL EVINTE E DOIS), \u00c0S 19:00H (DEZENOVE HORAS), COM A PRESEN\u00c7A INICIAL DO N\u00daMERO DE\r\nVEREADORES QUE PROPORCIONOU O QU\u00d3RUM REGIMENTAL, O SENHOR PRESIDENTE DECLAROU SOB A PROTE\u00c7-AO DE DEUS, ABERTA A PRESENTE'\r\nREUNI\u00c3O."}, {"id": "627", "ano": "2022", "numero": "15", "tipo__sigla": "ATA", "tipo__descricao": "Ata das Sess\u00f5es Ordin\u00e1rias- 1\u00ba PL", "assunto": "ATA DA 15\u00aa REUNI\u00c3O ORDIN\u00c1RIA DA C\u00c2MARA MUNICIPAL DE TIMBA\u00daBA, DO ANO DE 2022.\r\nAOS 13 (TREZE) DIAS DO M\u00caS DE ABRIL DE 2022 (DOIS MIL E VINTE E DOIS), \u00c0S 19:00H (DEZENOVE HORAS), COM A PRESEN\u00c7A INICIAL DO N\u00daMERO DE\r\nVEREADORES QUE PROPORCIONOU O QU\u00d3RUM REGIMENTAL, O SENHOR PRESIDENTE DECLAROU, SOB A PROTE\u00c7\u00c3O DE DEUS, ABERTA A PRESENTE\r\nREUNI\u00c3O."}, {"id": "628", "ano": "2022", "numero": "16", "tipo__sigla": "ATA", "tipo__descricao": "Ata das Sess\u00f5es Ordin\u00e1rias- 1\u00ba PL", "assunto": "ATA DA 16\u00aa REUNI\u00c3O ORDIN\u00c1RIA DA C\u00c2MARA MUNICIPAL DE TIMBA\u00daBA, DO ANO DE 2022.\r\nAOS 09 (NOVE) DIAS DO M\u00caS DE MAIO DE 2022 (DOIS MIL EVINTE E DOIS), \u00c0S 19:00H (DEZENOVE HORAS), COM A PRESEN\u00c7A INICIAL DO N\u00daMERO DE\r\nVEREADORES QUE PROPORCIONOU O QU\u00d3RUM REGIMENTAL, O SENHOR PRESIDENTE DECLAROU, SOB A PROTE\u00c7\u00c3O DE DEUS, ABERTA A PRESENTE\r\nREUNI\u00c3O."}, {"id": "629", "ano": "2022", "numero": "17", "tipo__sigla": "ATA", "tipo__descricao": "Ata das Sess\u00f5es Ordin\u00e1rias- 1\u00ba PL", "assunto": "ATA DA 17\u00aa REUNI\u00c3O ORDIN\u00c1RIA DA C\u00c2MARA MUNICIPAL DE TIMBA\u00daBA, DO ANO DE 2022.\r\nAOS 10 (DEZ) DIAS DO M\u00caS DE MAIO DE 2022 (DOIS MIL E VINTE E DOIS), \u00c0S 19:00H (DEZENOVE HORAS), COM A PRESEN\u00c7A INICIAL DO N\u00daMERO DE\r\nVEREADORES QUE PROPORCIONOU O QU\u00d3RUM REGIMENTAL, O- SENHOR PRESIDENTE DECLAROU' SOB A PROTE\u00c7AO DE DEUS, ABERTA A PRESENTE\r\nREUNI\u00c3O."}, {"id": "630", "ano": "2022", "numero": "18", "tipo__sigla": "ATA", "tipo__descricao": "Ata das Sess\u00f5es Ordin\u00e1rias- 1\u00ba PL", "assunto": "ATA DA 18\u00aa REUNIAO ORDINARIA DA C\u00c2MARA MUNICIPAL DE TIMBAUBA, DO ANO DE 2022.\r\nAOS 11 (ONZE) DIAS DO M\u00caS DE MAIO DE 2022 (DOIS MIL EVINTE E DOIS), \u00c0S 19:00H (DEZENOVE HORAS), COM A PRESEN\u00c7A INICIAL DO NUMERO, DE\r\nVEREADORES QUE PROPORCIONOU o QUORUM REGIMENTAL, O SENHOR PRESIDENTE DECLAROU, SOB A PROTE\u00c7\u00c3O DE DEUS, ABERTA A PRESENTE\r\nREUNI\u00c3O."}, {"id": "631", "ano": "2022", "numero": "19", "tipo__sigla": "ATA", "tipo__descricao": "Ata das Sess\u00f5es Ordin\u00e1rias- 1\u00ba PL", "assunto": "ATA DA 19\u00aa REUNI\u00c3O ORDIN\u00c1RIA DA C\u00c2MARA MUNICIPAL DE TIMBA\u00daBA, DO ANO DE 2022.\r\nAOS 20 (VINTE) DIAS DO M\u00caS DE MAIO DE 2022 (DOIS MIL E VINTE E DOIS), AS 19:00H (DEZENOVE HORAS), COM A PRESEN\u00c7A INICIAL DO N\u00daMERO DE VEREADORES QUE PROPORCIONOU O QU\u00d3RUM REGIMENTAL, O SENHOR PRESIDENTE DECLAROU, SOB A PROTE\u00c7\u00c3O DE DEUS, ABERTA A PRESENTE REUNI\u00c3O."}, {"id": "632", "ano": "2022", "numero": "20", "tipo__sigla": "ATA", "tipo__descricao": "Ata das Sess\u00f5es Ordin\u00e1rias- 1\u00ba PL", "assunto": "ATA DA 20\u00aa REUNI\u00c3O ORDIN\u00c1RIA DA C\u00c2MARA MUNICIPAL DE TIMBA\u00daBA, DO ANO DE 2022.\r\nAOS 30 (TRINTA) DIAS DO M\u00caS DE MAIO DE 2022 (DOIS MIL E VINTE E DOIS) \u00c0S 19:00H (DEZENOVE HORAS), COM A PRESEN\u00c7AINICIAL DO N\u00daMERO DE\r\nVEREADORES QUE PROPORCIONOU O QU\u00d3RUM REGIMENTAL, O SENHOR PRESIDENTE DECLAROU, SOB A PROTE\u00c7\u00c3O DE DEUS, ABERTA A PRESENTE\r\nREUNI\u00c3O."}, {"id": "633", "ano": "2022", "numero": "21", "tipo__sigla": "ATA", "tipo__descricao": "Ata das Sess\u00f5es Ordin\u00e1rias- 1\u00ba PL", "assunto": "ATA DA 21\u00aa REUNI\u00c3O ORDIN\u00c1RIA DA C\u00c2MARA MUNICIPAL DE TIMBA\u00daBA, DO ANO DE 2022.\r\nAOS 2 (DOIS) DIAS DO M\u00caS DE JUNHO DE 2022 (DOIS MIL E VINTE E DOIS), \u00c0S 19:00H (DEZENOVE HORAS), COM A PRESEN\u00c7A INICIAL DO N\u00daMERO DE VEREADORES QUE PROPORCIONOU O QU\u00d3RUM REGIMENTAL, O SENHOR PRESIDENTE DECLAROU, SOB A PROTE\u00c7\u00c3O DE DEUS, ABERTA A PRESENTE\r\nREUNI\u00c3O."}, {"id": "634", "ano": "2022", "numero": "22", "tipo__sigla": "ATA", "tipo__descricao": "Ata das Sess\u00f5es Ordin\u00e1rias- 1\u00ba PL", "assunto": "ATA DA 22\u00aa REUNI\u00c3O ORDIN\u00c1RIA DA C\u00c2MARA MUNICIPAL DE TIMBA\u00daBA, DO ANO DE 2022.\r\nAOS 7 (SETE) DIAS DO M\u00caS DE JUNHO DE 2022 (DOIS MIL E VINTE E DOIS), \u00c0S 19:00 H (DEZENOVE HORAS), COM A PRESEN\u00c7A INICIAL DO N\u00daMERO DE\r\nVEREADORES QUE PROPORCIONOU O QU\u00d3RUM REGIMENTAL, O SENHOR PRESIDENTE DECLAROU, SOB A PROTE\u00c7\u00c3O DE DEUS, ABERTA A PRESENTE\r\nREUNI\u00c3O."}, {"id": "636", "ano": "2022", "numero": "23", "tipo__sigla": "ATA", "tipo__descricao": "Ata das Sess\u00f5es Ordin\u00e1rias- 1\u00ba PL", "assunto": "ATA DA 23\u00aa REUNI\u00c3O ORDIN\u00c1RIA DA C\u00c2MARA MUNICIPAL DE TIMBA\u00daBA, DO ANO DE 2022.\r\nAOS 13 (TREZE) DIAS DO M\u00caS DE JUNHO DE 2022 (DOIS MIL E VINTE E DOIS) \u00c0S 19:00H (DEZENOVE HORAS) COM A PRESEN\u00c7A INICIAL DO N\u00daMERO DE VEREADORES QUE PROPORCIONOU O QU\u00d3RUM REGIMENTAL, O SENHOR PRESIDENTE DECLAROU, SOB A PROTE\u00c7\u00c3O DE DEUS, ABERTA A PRESENTE REUNI\u00c3O."}, {"id": "637", "ano": "2022", "numero": "24", "tipo__sigla": "ATA", "tipo__descricao": "Ata das Sess\u00f5es Ordin\u00e1rias- 1\u00ba PL", "assunto": "ATA DA 24\u00aa REUNI\u00c3O ORDIN\u00c1RIA DA C\u00c2MARA MUNICIPAL DE TIMBA\u00daBA, DO ANO DE 2022.\r\nAOS 14 (QUATORZE) DIAS DO M\u00caS DEJUNHO DE 2022 (DOIS MIL E VINTE E DOIS), \u00c0S 19:00H (DEZENOVE HORAS), COM A PRESEN\u00c7A INICIAL DO NUMERO DE VEREADORES QUE PROPORCIONOU O QUORUM REGIMENTAL, O SENHOR PRESIDENTE DECLAROU, SOB A PROTE\u00c7\u00c3O DE DEUS, ABERTA A PRESENTE REUNI\u00c3O."}, {"id": "638", "ano": "2022", "numero": "25", "tipo__sigla": "ATA", "tipo__descricao": "Ata das Sess\u00f5es Ordin\u00e1rias- 1\u00ba PL", "assunto": "ATA DA 25\u00aa REUNI\u00c3O ORDIN\u00c1RIA DA C\u00c2MARA MUNICIPAL DE TIMBA\u00daBA, DO ANO DE 2022.\r\nAOS 15 (QUINZE) DIAS DO M\u00caS DE JUNHO DE 2022 (DOIS MIL E VINTE E DOIS), \u00c0S 19:00H (DEZENOVE HORAS), COM A PRESEN\u00c7A INICIAL DO N\u00daMERO DE VEREADORES QUE PROPORCIONOU O QU\u00d3RUM REGIMENTAL, O SENHOR PRESIDENTE DECLAROU, SOB A PROTE\u00c7\u00c3O DE DEU~ ABERTA A PRESENTE\r\nREUNI\u00c3O."}, {"id": "679", "ano": "2023", "numero": "1", "tipo__sigla": "ATA", "tipo__descricao": "Ata das Sess\u00f5es Ordin\u00e1rias- 1\u00ba PL", "assunto": "ATA DA 1\u00aa REUNI\u00c3O ORDIN\u00c1RIA DA C\u00c2MARA MUNICIPAL DE TIMBA\u00daBA, DO ANO DE 2023.\r\nAOS 15 (QUINZE) DIAS DO M\u00caS DE FEVEREIRO DE 2023 (DOIS MIL E VINTE E TR\u00caS), \u00c0S 20:00H (VINTE HORAS), COM A PRESEN\u00c7AINICIAL DO N\u00daMERO DE VEREADORES QUE PROPORCIONOU O QUORUM REGIMENTAL, A SENHORA PRESIDENTE DECLAROU, SOB A PROTE\u00c7\u00c3O DE DEUS, ABERTA A PRESENTE REUNI\u00c3O."}, {"id": "680", "ano": "2023", "numero": "2", "tipo__sigla": "ATA", "tipo__descricao": "Ata das Sess\u00f5es Ordin\u00e1rias- 1\u00ba PL", "assunto": "ATA DA 2\u00aa REUNI\u00c3O ORDIN\u00c1RIA DA C\u00c2MARA MUNICIPAL DE TIMBA\u00daBA, DO ANO DE 2023.\r\nAOS 23 (VINTE E TR\u00caS) DIAS DO M\u00caS DE FEVEREIRO DE 2023 (DOIS MIL E VINTE E TR\u00caS), \u00c0S 20:00H (VINTE HORAS), COM A PRESEN\u00c7A INICIAL DO\r\nN\u00daMERO DE VEREADORES QUE PROPORCIONOU O QU\u00d3RUM REGIMENTAL, A SENHORA PRESIDENTE DECLAROU, SOB A PROTE\u00c7\u00c3O DE DEUS, ABERTA A PRESENTE REUNI\u00c3O."}, {"id": "681", "ano": "2023", "numero": "3", "tipo__sigla": "ATA", "tipo__descricao": "Ata das Sess\u00f5es Ordin\u00e1rias- 1\u00ba PL", "assunto": "ATA DA 3\u00aa REUNI\u00c3O ORDIN\u00c1RIA DA C\u00c2MARA MUNICIPAL DE TIMBA\u00daBA, DO ANO DE 2023.\r\nAOS 24 (VINTE E QUATRO) DIAS DO M\u00caS DE FEVEREIRO DE 2023 (DOIS MIL E VINTE E TR\u00caS), \u00c0S 19:30H (DEZENOVE HORAS E TRINTA MINUTOS), COM A\r\nPRESEN\u00c7A INICIAL DO N\u00daMERO DE VEREADORES QUE PROPORCIONOU O QU\u00d3RUM REGIMENTAL, A SENHORA PRESIDENTE DECLAROU, SOB A PROTE\u00c7\u00c3O DE DEUS, ABERTA A PRESENTEREUNI\u00c3O."}, {"id": "682", "ano": "2023", "numero": "4", "tipo__sigla": "ATA", "tipo__descricao": "Ata das Sess\u00f5es Ordin\u00e1rias- 1\u00ba PL", "assunto": "ATA DA 4\u00aa REUNI\u00c3O ORDIN\u00c1RIA DA C\u00c2MARA MUNICIPAL DE TIMBA\u00daBA, DO ANO DE 2023.\r\nAOS 27 (VINTE E SETE) DIAS DO M\u00caS DE FEVEREIRO DE 2023 (DOIS MIL E VINTE E TR\u00caS), \u00c0S 20:00H (VINTE HORAS), COM A PRESEN\u00c7A INICIAL DO NUMERO DE VEREADORES QUE PROPORCIONOU O QUORUM REGIMENTAL, A SENHORA PRESIDENTE DECLAROU, SOB A PROTE\u00c7\u00c3O DE DEUS, ABERTA A PRESENTE REUNIAO."}, {"id": "683", "ano": "2023", "numero": "5", "tipo__sigla": "ATA", "tipo__descricao": "Ata das Sess\u00f5es Ordin\u00e1rias- 1\u00ba PL", "assunto": "ATA DA 5\u00aa REUNI\u00c3O ORDIN\u00c1RIA DA C\u00c2MARA MUNICIPAL DE TIMBA\u00daBA, DO ANO DE 2023.\r\nAOS 28 (VINTE E OITO) DIAS DO M\u00caS DE FEVEREIRO DE 2023 (DOIS MIL E VINTE E TR\u00caS), \u00c0S 20:00H (VINTE HORAS), COM A PRESEN\u00c7A INICIAL DO NUMERO DE VEREADORES QUE PROPORCIONOU O QUORUM REGIMENTAL, A SENHORA PRESIDENTE DECLAROU, SOB A PROTE\u00c7\u00c3O DE DEUS, ABERTA A PRESENTE REUNI\u00c3O."}, {"id": "684", "ano": "2023", "numero": "6", "tipo__sigla": "ATA", "tipo__descricao": "Ata das Sess\u00f5es Ordin\u00e1rias- 1\u00ba PL", "assunto": "ATA DA 6\u00aa REUNI\u00c3O ORDIN\u00c1RIA DA C\u00c2MARA MUNICIPAL DE TIMBA\u00daBA, DO ANO DE 2023. \r\nAOS 20 (VINTE) DIAS DO M\u00caS DE MAR\u00c7O DE 2023 (DOIS MIL E VINTE E TRES), AS 20:00H (VINTE HORAS), COM A PRESEN\u00c7A INICIAL DO NUMERO DE\r\nVEREADORES QUE PROPORCIONOU O QUORUM REGIMENTAL, A SENHORA PRESIDENTE DECLAROU, SOB A PROTE\u00c7\u00c3O DE DEUS, ABERTA A PRESENTE\r\nREUNI\u00c3O."}, {"id": "685", "ano": "2023", "numero": "7", "tipo__sigla": "ATA", "tipo__descricao": "Ata das Sess\u00f5es Ordin\u00e1rias- 1\u00ba PL", "assunto": "ATA DA 7\u00aa REUNI\u00c3O ORDIN\u00c1RIA DA C\u00c2MARA MUNICIPAL DE TIMBA\u00daBA, DO ANO DE 2023.\r\nAOS 27 (VINTE E SETE) DIAS DO M\u00caS DE MAR\u00c7O DE 2023 (DOIS MIL E VINTE E TR\u00caS), \u00c0S 20:00H (VINTE HORAS), COM A PRESEN\u00c7A INICIAL DO N\u00daMERO DE VEREADORES QUE PROPORCIONOU O QU\u00d3RUM REGIMENTAL, A SENHORA PRESIDENTE DECLAROU, SOB A PROTE\u00c7\u00c3O DE DEUS, ABERTA A PRESENTE REUNI\u00c3O."}, {"id": "686", "ano": "2023", "numero": "8", "tipo__sigla": "ATA", "tipo__descricao": "Ata das Sess\u00f5es Ordin\u00e1rias- 1\u00ba PL", "assunto": "ATA DA 8\u00aa REUNI\u00c3O ORDIN\u00c1RIA DA C\u00c2MARA MUNICIPAL DE TIMBA\u00daBA, DO ANO DE 2023.\r\nAOS 28 (VINTE E OITO) DIAS DO M\u00caS DE MAR\u00c7O DE 2023 {DOIS MIL E VINTE TR\u00caS), \u00c0S 20:00H (VINTE HORAS), COM A PRESEN\u00c7A INICIAL DO NUMERO DE VEREADORES QUE PROPORCIONOU O QUORUM REGIMENTAL, A SENHORA PRESIDENTE DECLAROU, SOB A PROTE\u00c7\u00c3O DE DEUS, ABERTA A PRESENTE REUNI\u00c3O."}, {"id": "687", "ano": "2023", "numero": "9", "tipo__sigla": "ATA", "tipo__descricao": "Ata das Sess\u00f5es Ordin\u00e1rias- 1\u00ba PL", "assunto": "ATA DA 9\u00aa REUNI\u00c3O ORDIN\u00c1RIA DA C\u00c2MARA MUNICIPAL DE TIMBA\u00daBA, DO ANO DE 2023.\r\nAOS 30 (TRINTA) DIAS DO M\u00caS DE MAR\u00c7O DE 2023 (DOIS MIL E VINTE E TR\u00caS), \u00c0S 20:00H (VINTE HORAS), COM A PRESEN\u00c7A INICIAL DO NUMERODE\r\nVEREADORES QUE PROPORCIONOU O QUORUM REGIMENTAL, A SENHORA PRESIDENTE DECLAROU, SOB A PROTE\u00c7\u00c3O DE DEUS, ABERTA A PRESENTE\r\nREUNI\u00c3O."}, {"id": "688", "ano": "2023", "numero": "10", "tipo__sigla": "ATA", "tipo__descricao": "Ata das Sess\u00f5es Ordin\u00e1rias- 1\u00ba PL", "assunto": "ATA DA 10\u00aa REUNI\u00c3O ORDIN\u00c1RIA DA C\u00c2MARA MUNICIPAL DE TIMBAUBA, DO ANO DE 2023.\r\nAOS 31 (TRINTA E UM) DIAS DO M\u00caS DE MAR\u00c7O DE 2023 (DOIS MIL E VINTE E TR\u00caS), \u00c0S 20:00H (VINTE HORAS), COM A PRESEN\u00c7AINICIAL DO N\u00daMERO DE VEREADORES QUE PROPORCIONOU O QU\u00d3RUM REGIMENTAL, A SENHORA PRESIDENTE DECLAROU, SOB A PROTE\u00c7\u00c3O DE DEUS, ABERTA A PRESENTE REUNI\u00c3O."}, {"id": "689", "ano": "2023", "numero": "11", "tipo__sigla": "ATA", "tipo__descricao": "Ata das Sess\u00f5es Ordin\u00e1rias- 1\u00ba PL", "assunto": "ATA DA 11\u00aa REUNI\u00c3O ORDIN\u00c1RIA DA MUNICIPAL DE TIMBA\u00daBA, DO ANO DE 2023.\r\nAOS 10 (DEZ) DIAS DO M\u00caS DE ABRIL DE 2023 (DOIS MIL E VINTE E TR\u00caS), \u00c0S 20:00H (VINTE HORAS), COM A PRESEN\u00c7A INICIAL DO N\u00daMERO DE VEREADORES QUE PROPORCIONOU O QU\u00d3RUM REGIMENTAL, A SENHORA PRESIDENTE DECLAROU, SOB A PROTE\u00c7\u00c3O DE DEUS, ABERTA A PRESENTE REUNI\u00c3O."}, {"id": "690", "ano": "2023", "numero": "12", "tipo__sigla": "ATA", "tipo__descricao": "Ata das Sess\u00f5es Ordin\u00e1rias- 1\u00ba PL", "assunto": "ATA DA 12\u00aa REUNI\u00c3O ORDIN\u00c1RIA DA C\u00c2MARA MUNICIPAL DE TIMBA\u00daBA, DO ANO DE 2023.\r\nAOS 11 (ONZE) DIAS DO M\u00caS DE ABRIL DE 2023 (DOIS MIL E VINTE E TR\u00caS), \u00c0S 20:00 H (VINTE HORAS), COM A PRESEN\u00c7A INICIAL DO N\u00daMERO DE VEREADORES QUE PROPORCIONOU O QU\u00d3RUM REGIMENTAL, A SENHORA PRESIDENTE DECLAROU, SOB A PROTE\u00c7\u00c3O DE DEUS, ABERTA A PRESENTE REUNI\u00c3O."}, {"id": "691", "ano": "2023", "numero": "13", "tipo__sigla": "ATA", "tipo__descricao": "Ata das Sess\u00f5es Ordin\u00e1rias- 1\u00ba PL", "assunto": "ATA DA 13\u00aa REUNI\u00c3O ORDIN\u00c1RIA DA C\u00c2MARA MUNICIPAL DE TIMBA\u00daBA, DO ANO DE 2023.\r\nAOS 13 (TREZE) DIAS DO M\u00caSDE ABRIL DE 2023 (DOIS MIL E VINTE E TR\u00caS), \u00c0S 20:00H (VINTE HORAS), COM A PRESEN\u00c7AINICIAL DO N\u00daMERO DE VEREADORES QUE PROPORCIONOU O QU\u00d3RUM REGIMENTAL, A SENHORA PRESIDENTE DECLAROU, SOB A PROTE\u00c7\u00c3O DE DEUS, ABERTA A PRESENTE REUNI\u00c3O."}, {"id": "692", "ano": "2023", "numero": "14", "tipo__sigla": "ATA", "tipo__descricao": "Ata das Sess\u00f5es Ordin\u00e1rias- 1\u00ba PL", "assunto": "ATA DA 14\u00aa REUNI\u00c3O ORDIN\u00c1RIA DA C\u00c2MARA MUNICIPAL DE TIMBA\u00daBA, DO ANO DE 2023.\r\nAOS 26 (VINTE E SEIS) DIAS DO M\u00caS DEABRIL DE 2023 (DOIS MIL E VINTE E TR\u00caS), \u00c0S 18:00H, (DEZOITO HORAS), COM A PRESEN\u00c7A INICIAL DO NUMERO DE VEREADORES QUE PROPORCIONOU O QUORUM REGIMENTAL, A SENHORA PRESIDENTE DECLAROU, SOB A PROTE\u00c7\u00c3ODE DEUS, ABERTA A PRESENTE REUNIAO."}, {"id": "693", "ano": "2023", "numero": "15", "tipo__sigla": "ATA", "tipo__descricao": "Ata das Sess\u00f5es Ordin\u00e1rias- 1\u00ba PL", "assunto": "ATA DA 15\u00aa REUNI,\u00c3O ORDIN\u00c1RIA DA C\u00c2MARA MUNICIPAL DE TIMBAUBA, DO ANO DE 2023.\r\nAOS 27 (VINTE E SETE) DIAS DO M\u00caSDE ABRIL DE 2023 (DOIS MIL E VINTE E TR\u00caS), \u00c0S 18:00H (DEZOITO HORAS), COM A PRESEN\u00c7A INICIAL DO N\u00daMERO DE VEREADORES QUE PROPORCIONOU O QU\u00d3RUM REGIMENTAL, A SENHORA PRESIDENTE DECLAROU, SOB A PROTE\u00c7\u00c3ODE DEUS, ABERTA A PRESENTE REUNI\u00c3O."}, {"id": "694", "ano": "2023", "numero": "16", "tipo__sigla": "ATA", "tipo__descricao": "Ata das Sess\u00f5es Ordin\u00e1rias- 1\u00ba PL", "assunto": "ATA DA 16\u00aa REUNI\u00c3O ORDIN\u00c1RIA DA C\u00c2MARA MUNICIPAL DE TIMBA\u00daBA, DO ANO DE 2023.\r\nAOS 03 (TR\u00caS) DIAS DO M\u00caS DE MAIO DE 2023 (DOIS MIL EVINTE ETR\u00caS), \u00c0S 20:00 H (VINTE HORAS), COM A PRESEN\u00c7A INICIAL DO N\u00daMERO DE VEREADORES QUE PROPORCIONOU O QU\u00d3RUM REGIMENTAL, A SENHORA PRESIDENTE DECLAROU, SOB A PROTE\u00c7AO DE DEUS, ABERTA A PRESENTE REUNI\u00c3O."}, {"id": "695", "ano": "2023", "numero": "17", "tipo__sigla": "ATA", "tipo__descricao": "Ata das Sess\u00f5es Ordin\u00e1rias- 1\u00ba PL", "assunto": "ATA DA 17\u00aa REUNI\u00c3O ORDIN\u00c1RIA DA C\u00c2MARA MUNICIPAL DE TIMBA\u00daBA, DO ANO DE 2023.\r\nAOS 09 (NOVE) DIAS DO M\u00caS DE MAIO DE 2023 (DOIS MIL E VINTE E TR\u00caS), \u00c0S 20:00H (VINTE HORAS), COM A PRESEN\u00c7A INICIAL DO N\u00daMERO DE VEREADORES QUE PROPORCIONOU O QU\u00d3RUM REGIMENTAL, A SENHORA PRESIDENTE DECLAROU, SOB A PROTE\u00c7\u00c3O DE DEUS, ABERTA A PRESENTE REUNI\u00c3O."}, {"id": "696", "ano": "2023", "numero": "18", "tipo__sigla": "ATA", "tipo__descricao": "Ata das Sess\u00f5es Ordin\u00e1rias- 1\u00ba PL", "assunto": "ATA DA 18\u00aa REUNI\u00c3O ORDIN\u00c1RIA DA C\u00c2MARA MUNICIPAL DE TIMBA\u00daBA, DO ANO DE 2023.\r\nAOS 16 (DEZESSEIS) DIAS DO M\u00caS DE MAIO DE 2023 (DOIS MIL E VINTE E TR\u00caS), \u00c0S 18:00H (DEZOITO HORAS), COM A PRESEN\u00c7A INICIAL DO N\u00daMERO DE VEREADORES QUE PROPORCIONOU O QU\u00d3RUM REGIMENTAL, A SENHORA PRESIDENTE DECLAROU, SOB A PROTE\u00c7\u00c3O DE DEUS, ABERTA A PRESENTE REUNI\u00c3O."}, {"id": "697", "ano": "2023", "numero": "19", "tipo__sigla": "ATA", "tipo__descricao": "Ata das Sess\u00f5es Ordin\u00e1rias- 1\u00ba PL", "assunto": "ATA DA 19\u00aa REUNI\u00c3O ORDIN\u00c1RIA DA C\u00c2MARA MUNICIPAL DE TIMBA\u00daBA, DO ANO DE 2023.\r\nAOS 23 (VINTE E TR\u00caS) DIAS DO M\u00caS DE MAIO DE 2023 (DOIS MIL E VINTE E TR\u00caS), \u00c0S 18:00H (DEZOITO HORAS), COM A PRESEN\u00c7A INICIAL DO\r\nN\u00daMERO DE VEREADORES QUE PROPORCIONOU O QU\u00d3RUM REGIMENTAL, A SENHORA PRESIDENTE DECLAROU, SOB A PROTE\u00c7\u00c3O DE DEUS, ABERTA A PRESENTE REUNI\u00c3O."}, {"id": "698", "ano": "2023", "numero": "20", "tipo__sigla": "ATA", "tipo__descricao": "Ata das Sess\u00f5es Ordin\u00e1rias- 1\u00ba PL", "assunto": "ATA DA 20\u00aa REUNI\u00c3O ORDIN\u00c1RIA DA C\u00c2MARA MUNICIPAL DE TIMBA\u00daBA, DO ANO DE 2023.\r\nAOS 30 (TRINTA) DIAS DO M\u00caS DE MAIO DE 2023 (DOIS MIL E VINTE E TR\u00caS), \u00c0S 18:00H (DEZOITO HORAS), COM A PRESEN\u00c7AINICIAL DO NUMERO DE\r\nVEREADORES QUE PROPORCIONOU O QUORUM REGIMENTAL, A SENHORA PRESIDENTE DECLAROU, SOB A PROTE\u00c7\u00c3O DE DEUS, ABERTA A PRESENTE\r\nREUNI\u00c3O."}, {"id": "699", "ano": "2023", "numero": "21", "tipo__sigla": "ATA", "tipo__descricao": "Ata das Sess\u00f5es Ordin\u00e1rias- 1\u00ba PL", "assunto": "ATA DA 21\u00aa REUNI\u00c3O ORDIN\u00c1RIA DA C\u00c2MARA MUNICIPAL DE TIMBA\u00daBA, DO ANO DE 2023.\r\nAOS 06 (SEIS) DIAS DO M\u00caS DE JUNHO DE 2023 (DOIS MIL E VINTE E TR\u00caS), \u00c0S 18:00H (DEZOITO HORAS), COM A PRESEN\u00c7A INICIAL DO N\u00daMERO DE\r\nVEREADORES QUE PROPORCIONOU O QU\u00d3RUM REGIMENTAL, A SENHORA PRESIDENTE DECLAROU, SOB A PROTE\u00c7\u00c3O DE DEUS, ABERTA A PRESENTE\r\nREUNI\u00c3O."}, {"id": "700", "ano": "2023", "numero": "22", "tipo__sigla": "ATA", "tipo__descricao": "Ata das Sess\u00f5es Ordin\u00e1rias- 1\u00ba PL", "assunto": "ATA DA 22\u00aa REUNI\u00c3O ORDIN\u00c1RIA DA C\u00c2MARA MUNICIPAL DE TIMBA\u00daBA, DO ANO DE 2023.\r\nAOS 13 (TREZE) DIAS DO M\u00caS DE JUNHO DE 2023 (DOIS MIL E VINTE E TR\u00caS), \u00c0S 18:00H (DEZOITO HORAS), COM A PRESEN\u00c7A INICIAL DO N\u00daMERO DE VEREADORES QUE PROPORCIONOU O QU\u00d3RUM REGIMENTAL, A SENHORA PRESIDENTE DECLAROU, SOB A PROTE\u00c7\u00c3O DE DEUS, ABERTA A PRESENTE REUNI\u00c3O."}, {"id": "701", "ano": "2023", "numero": "23", "tipo__sigla": "ATA", "tipo__descricao": "Ata das Sess\u00f5es Ordin\u00e1rias- 1\u00ba PL", "assunto": "ATA DA 23\u00aa REUNI\u00c3O ORDIN\u00c1RIA DA C\u00c2MARA MUNICIPAL DE TIMBA\u00daBA, DO ANO DE 2023.\r\nAOS 20 (VINTE) DIAS DO M\u00caS DE JUNHO DE 2023 (DOIS MIL E VINTE E TR\u00caS), \u00c0S 18:00H (DEZOITO HORAS), COM A PRESEN\u00c7A INICIAL DO N\u00daMERO DE\r\nVEREADORES QUE PROPORCIONOU O QU\u00d3RUM REGIMENTAL, A SENHORA PRESIDENTE DECLAROU, SOB A PROTE\u00c7\u00c3O DE DEUS, ABERTA A PRESENTE\r\nREUNI\u00c3O."}, {"id": "702", "ano": "2023", "numero": "24", "tipo__sigla": "ATA", "tipo__descricao": "Ata das Sess\u00f5es Ordin\u00e1rias- 1\u00ba PL", "assunto": "ATA DA 24\u00aa REUNI\u00c3O ORDIN\u00c1RIA DA C\u00c2MARA MUNICIPAL DE TIMBA\u00daBA, DO ANO DE 2023.\r\nAOS 27 (VINTE E SETE) DIAS DO M\u00caS DE JUNHO DE 2023 (DOIS MIL E VINTE E TR\u00caS), \u00c0S 18:00H (DEZOITO HORAS), COM A PRESEN\u00c7A INICIAL DO\r\nN\u00daMERO DE VEREADORES QUE PROPORCIONOU O QU\u00d3RUM REGIMENTAL, A SENHORA PRESIDENTE EM EXERC\u00cdCIO DECLAROU, SOB A PROTE\u00c7\u00c3O DE DEUS, ABERTA A PRESENTE REUNI\u00c3O."}, {"id": "264", "ano": "2024", "numero": "1", "tipo__sigla": "ATA", "tipo__descricao": "Ata das Sess\u00f5es Ordin\u00e1rias- 1\u00ba PL", "assunto": "ATA DA 1\u00aa REUNI\u00c3O ORDIN\u00c1RIA DA C\u00c2MARA MUNICIPAL DE TIMBA\u00daBA, DO ANO DE 2024."}, {"id": "265", "ano": "2024", "numero": "2", "tipo__sigla": "ATA", "tipo__descricao": "Ata das Sess\u00f5es Ordin\u00e1rias- 1\u00ba PL", "assunto": "ATA DA 2\u00aa REUNI\u00c3O ORDIN\u00c1RIA DA C\u00c2MARA MUNICIPAL DE TIMBA\u00daBA, DO ANO DE 2024."}, {"id": "267", "ano": "2024", "numero": "3", "tipo__sigla": "ATA", "tipo__descricao": "Ata das Sess\u00f5es Ordin\u00e1rias- 1\u00ba PL", "assunto": "ATA DA 3\u00aa REUNI\u00c3O ORDIN\u00c1RIA DA C\u00c2MARA MUNICIPAL DE TIMBA\u00daBA, DO ANO DE 2024."}, {"id": "268", "ano": "2024", "numero": "4", "tipo__sigla": "ATA", "tipo__descricao": "Ata das Sess\u00f5es Ordin\u00e1rias- 1\u00ba PL", "assunto": "ATA DA 4\u00aa REUNI\u00c3O ORDIN\u00c1RIA DA C\u00c2MARA MUNICIPAL DE TIMBA\u00daBA, DO ANO DE 2024."}, {"id": "270", "ano": "2024", "numero": "5", "tipo__sigla": "ATA", "tipo__descricao": "Ata das Sess\u00f5es Ordin\u00e1rias- 1\u00ba PL", "assunto": "ATA DA 5\u00aa REUNI\u00c3O ORDIN\u00c1RIA DA C\u00c2MARA MUNICIPAL DE TIMBA\u00daBA, DO ANO DE 2024."}, {"id": "271", "ano": "2024", "numero": "6", "tipo__sigla": "ATA", "tipo__descricao": "Ata das Sess\u00f5es Ordin\u00e1rias- 1\u00ba PL", "assunto": "ATA DA 6\u00aa REUNI\u00c3O ORDIN\u00c1RIA DA C\u00c2MARA MUNICIPAL DE TIMBA\u00daBA, DO ANO DE 2024."}, {"id": "278", "ano": "2024", "numero": "7", "tipo__sigla": "ATA", "tipo__descricao": "Ata das Sess\u00f5es Ordin\u00e1rias- 1\u00ba PL", "assunto": "ATA DA 7\u00aa REUNI\u00c3O ORDIN\u00c1RIA DA C\u00c2MARA MUNICIPAL DE TIMBA\u00daBA, DO ANO DE 2024."}, {"id": "279", "ano": "2024", "numero": "8", "tipo__sigla": "ATA", "tipo__descricao": "Ata das Sess\u00f5es Ordin\u00e1rias- 1\u00ba PL", "assunto": "ATA DA 8\u00aa REUNI\u00c3O ORDIN\u00c1RIA DA C\u00c2MARA MUNICIPAL DE TIMBA\u00daBA, DO ANO DE 2024."}, {"id": "281", "ano": "2024", "numero": "9", "tipo__sigla": "ATA", "tipo__descricao": "Ata das Sess\u00f5es Ordin\u00e1rias- 1\u00ba PL", "assunto": "ATA DA 9\u00aa REUNI\u00c3O ORDIN\u00c1RIA DA C\u00c2MARA MUNICIPAL DE TIMBA\u00daBA, DO ANO DE 2024."}, {"id": "284", "ano": "2024", "numero": "10", "tipo__sigla": "ATA", "tipo__descricao": "Ata das Sess\u00f5es Ordin\u00e1rias- 1\u00ba PL", "assunto": "ATA DA 10\u00aa REUNI\u00c3O ORDIN\u00c1RIA DA C\u00c2MARA MUNICIPAL DE TIMBA\u00daBA, DO ANO DE 2024."}, {"id": "286", "ano": "2024", "numero": "11", "tipo__sigla": "ATA", "tipo__descricao": "Ata das Sess\u00f5es Ordin\u00e1rias- 1\u00ba PL", "assunto": "ATA DA 11\u00aa REUNI\u00c3O ORDIN\u00c1RIA DA C\u00c2MARA MUNICIPAL DE TIMBA\u00daBA, DO ANO DE 2024."}, {"id": "287", "ano": "2024", "numero": "12", "tipo__sigla": "ATA", "tipo__descricao": "Ata das Sess\u00f5es Ordin\u00e1rias- 1\u00ba PL", "assunto": "ATA DA 12\u00aa REUNI\u00c3O ORDIN\u00c1RIA DA C\u00c2MARA MUNICIPAL DE TIMBA\u00daBA, DO ANO DE 2024."}, {"id": "405", "ano": "2024", "numero": "13", "tipo__sigla": "ATA", "tipo__descricao": "Ata das Sess\u00f5es Ordin\u00e1rias- 1\u00ba PL", "assunto": "ATA DA 13\u00aa REUNI\u00c3O ORDIN\u00c1RIA DA C\u00c2MARA MUNICIPAL DE TIMBA\u00daBA, DO ANO DE 2024."}, {"id": "406", "ano": "2024", "numero": "14", "tipo__sigla": "ATA", "tipo__descricao": "Ata das Sess\u00f5es Ordin\u00e1rias- 1\u00ba PL", "assunto": "ATA DA 14\u00aa REUNI\u00c3O ORDIN\u00c1RIA DA C\u00c2MARA MUNICIPAL DE TIMBA\u00daBA, DO ANO DE 2024."}, {"id": "407", "ano": "2024", "numero": "15", "tipo__sigla": "ATA", "tipo__descricao": "Ata das Sess\u00f5es Ordin\u00e1rias- 1\u00ba PL", "assunto": "ATA DA 15\u00aa REUNI\u00c3O ORDIN\u00c1RIA DA C\u00c2MARA MUNICIPAL DE TIMBA\u00daBA, DO ANO DE 2024."}, {"id": "408", "ano": "2024", "numero": "16", "tipo__sigla": "ATA", "tipo__descricao": "Ata das Sess\u00f5es Ordin\u00e1rias- 1\u00ba PL", "assunto": "ATA DA 16\u00aa REUNI\u00c3O ORDIN\u00c1RIA DA C\u00c2MARA MUNICIPAL DE TIMBA\u00daBA, DO ANO DE 2024."}, {"id": "409", "ano": "2024", "numero": "17", "tipo__sigla": "ATA", "tipo__descricao": "Ata das Sess\u00f5es Ordin\u00e1rias- 1\u00ba PL", "assunto": "ATA DA 17\u00aa REUNI\u00c3O ORDIN\u00c1RIA DA C\u00c2MARA MUNICIPAL DE TIMBA\u00daBA, DO ANO DE 2024."}, {"id": "410", "ano": "2024", "numero": "18", "tipo__sigla": "ATA", "tipo__descricao": "Ata das Sess\u00f5es Ordin\u00e1rias- 1\u00ba PL", "assunto": "ATA DA 18\u00aa REUNI\u00c3O ORDIN\u00c1RIA DA C\u00c2MARA MUNICIPAL DE TIMBA\u00daBA, DO ANO DE 2024."}, {"id": "411", "ano": "2024", "numero": "19", "tipo__sigla": "ATA", "tipo__descricao": "Ata das Sess\u00f5es Ordin\u00e1rias- 1\u00ba PL", "assunto": "ATA DA 19\u00aa REUNI\u00c3O ORDIN\u00c1RIA DA C\u00c2MARA MUNICIPAL DE TIMBA\u00daBA, DO ANO DE 2024."}, {"id": "412", "ano": "2024", "numero": "20", "tipo__sigla": "ATA", "tipo__descricao": "Ata das Sess\u00f5es Ordin\u00e1rias- 1\u00ba PL", "assunto": "ATA DA 20\u00aa REUNI\u00c3O ORDIN\u00c1RIA DA C\u00c2MARA MUNICIPAL DE TIMBA\u00daBA, DO ANO DE 2024."}, {"id": "413", "ano": "2024", "numero": "21", "tipo__sigla": "ATA", "tipo__descricao": "Ata das Sess\u00f5es Ordin\u00e1rias- 1\u00ba PL", "assunto": "ATA DA 21\u00aa REUNI\u00c3O ORDIN\u00c1RIA DA C\u00c2MARA MUNICIPAL DE TIMBA\u00daBA, DO ANO DE 2024."}, {"id": "1558", "ano": "2025", "numero": "1", "tipo__sigla": "ATA", "tipo__descricao": "Ata das Sess\u00f5es Ordin\u00e1rias- 1\u00ba PL", "assunto": "ATA DA 1\u00aa REUNI\u00c3O ORDIN\u00c1RIA DA C\u00c2MARA DE TIMBA\u00daBA DO ANO DE 2025"}, {"id": "1392", "ano": "2025", "numero": "2", "tipo__sigla": "ATA", "tipo__descricao": "Ata das Sess\u00f5es Ordin\u00e1rias- 1\u00ba PL", "assunto": "ATA DA 2\u00aa REUNI\u00c3O ORDIN\u00c1RIA DA C\u00c2MARA MUNICIPAL DE TIMBA\u00daBA, DO ANO DE 2025."}, {"id": "1393", "ano": "2025", "numero": "3", "tipo__sigla": "ATA", "tipo__descricao": "Ata das Sess\u00f5es Ordin\u00e1rias- 1\u00ba PL", "assunto": "ATA DA 3\u00aa REUNI\u00c3O ORDIN\u00c1RIA DA C\u00c2MARA MUNICIPAL DE TIMBA\u00daBA, DO ANO DE 2025."}, {"id": "1394", "ano": "2025", "numero": "4", "tipo__sigla": "ATA", "tipo__descricao": "Ata das Sess\u00f5es Ordin\u00e1rias- 1\u00ba PL", "assunto": "ATA DA 4\u00aa REUNI\u00c3O ORDIN\u00c1RIA DA C\u00c2MARA MUNICIPAL DE TIMBA\u00daBA, DO ANO DE 2025."}, {"id": "1395", "ano": "2025", "numero": "5", "tipo__sigla": "ATA", "tipo__descricao": "Ata das Sess\u00f5es Ordin\u00e1rias- 1\u00ba PL", "assunto": "ATA DA 5\u00aa REUNI\u00c3O ORDIN\u00c1RIA DA C\u00c2MARA MUNICIPAL DE TIMBA\u00daBA, DO ANO DE 2025."}, {"id": "1396", "ano": "2025", "numero": "6", "tipo__sigla": "ATA", "tipo__descricao": "Ata das Sess\u00f5es Ordin\u00e1rias- 1\u00ba PL", "assunto": "ATA DA 6\u00aa REUNI\u00c3O ORDIN\u00c1RIA DA C\u00c2MARA MUNICIPAL DE TIMBA\u00daBA, DO ANO DE 2025."}, {"id": "1397", "ano": "2025", "numero": "7", "tipo__sigla": "ATA", "tipo__descricao": "Ata das Sess\u00f5es Ordin\u00e1rias- 1\u00ba PL", "assunto": "ATA DA 7\u00aa REUNI\u00c3O ORDIN\u00c1RIA DA C\u00c2MARA MUNICIPAL DE TIMBA\u00daBA, DO ANO DE 2025"}, {"id": "1398", "ano": "2025", "numero": "8", "tipo__sigla": "ATA", "tipo__descricao": "Ata das Sess\u00f5es Ordin\u00e1rias- 1\u00ba PL", "assunto": "ATA DA 8\u00aa REUNI\u00c3O ORDIN\u00c1RIA DA C\u00c2MARA MUNICIPAL DE TIMBA\u00daBA, DO ANO DE 2025"}, {"id": "1399", "ano": "2025", "numero": "9", "tipo__sigla": "ATA", "tipo__descricao": "Ata das Sess\u00f5es Ordin\u00e1rias- 1\u00ba PL", "assunto": "ATA DA 9\u00aa REUNI\u00c3O ORDIN\u00c1RIA DA C\u00c2MARA MUNICIPAL DE TIMBA\u00daBA, DO ANO DE 2025"}, {"id": "1400", "ano": "2025", "numero": "10", "tipo__sigla": "ATA", "tipo__descricao": "Ata das Sess\u00f5es Ordin\u00e1rias- 1\u00ba PL", "assunto": "ATA DA 10\u00aa REUNI\u00c3O ORDIN\u00c1RIA DA C\u00c2MARA MUNICIPAL DE TIMBA\u00daBA, DO ANO DE 2025"}, {"id": "1524", "ano": "2025", "numero": "11", "tipo__sigla": "ATA", "tipo__descricao": "Ata das Sess\u00f5es Ordin\u00e1rias- 1\u00ba PL", "assunto": "ATA DA 11\u00aa REUNI\u00c3O ORDIN\u00c1RIA DO ANO DE 2025"}, {"id": "1525", "ano": "2025", "numero": "12", "tipo__sigla": "ATA", "tipo__descricao": "Ata das Sess\u00f5es Ordin\u00e1rias- 1\u00ba PL", "assunto": "ATA DA 12\u00aa REUNI\u00c3O ORDIN\u00c1RIA DO ANO DE 2025"}, {"id": "1526", "ano": "2025", "numero": "13", "tipo__sigla": "ATA", "tipo__descricao": "Ata das Sess\u00f5es Ordin\u00e1rias- 1\u00ba PL", "assunto": "ATA DA 13\u00aa REUNI\u00c3O ORDIN\u00c1RIA DO ANO DE 2025"}, {"id": "1527", "ano": "2025", "numero": "14", "tipo__sigla": "ATA", "tipo__descricao": "Ata das Sess\u00f5es Ordin\u00e1rias- 1\u00ba PL", "assunto": "ATA DA 14\u00aa REUNI\u00c3O ORDIN\u00c1RIA DO ANO DE 2025"}, {"id": "1667", "ano": "2025", "numero": "15", "tipo__sigla": "ATA", "tipo__descricao": "Ata das Sess\u00f5es Ordin\u00e1rias- 1\u00ba PL", "assunto": "ATA DA 15\u00aa REUNI\u00c3O ORDIN\u00c1RIA DO ANO DE 2025"}, {"id": "1668", "ano": "2025", "numero": "16", "tipo__sigla": "ATA", "tipo__descricao": "Ata das Sess\u00f5es Ordin\u00e1rias- 1\u00ba PL", "assunto": "ATA DA 16\u00aa REUNI\u00c3O ORDIN\u00c1RIA DO ANO DE 2025"}, {"id": "1669", "ano": "2025", "numero": "17", "tipo__sigla": "ATA", "tipo__descricao": "Ata das Sess\u00f5es Ordin\u00e1rias- 1\u00ba PL", "assunto": "ATA DA 17\u00aa REUNI\u00c3O ORDIN\u00c1RIA DO ANO DE 2025"}, {"id": "2006", "ano": "2025", "numero": "18", "tipo__sigla": "ATA", "tipo__descricao": "Ata das Sess\u00f5es Ordin\u00e1rias- 1\u00ba PL", "assunto": "ATA DA 18\u00aa REUNI\u00c3O ORDIN\u00c1RIA DO ANO DE 2025  DO DIA 18 DE JUNHO DE 2025"}, {"id": "2259", "ano": "2026", "numero": "1", "tipo__sigla": "ATA", "tipo__descricao": "Ata das Sess\u00f5es Ordin\u00e1rias- 1\u00ba PL", "assunto": "Ata da 1\u00aa Sess\u00e3o Ordin\u00e1ria da C\u00e2mara Municipal de Timba\u00faba-PE"}, {"id": "2260", "ano": "2026", "numero": "2", "tipo__sigla": "ATA", "tipo__descricao": "Ata das Sess\u00f5es Ordin\u00e1rias- 1\u00ba PL", "assunto": "Ata da 2\u00aa Sess\u00e3o Ordin\u00e1ria da C\u00e2mara Municipal de Timba\u00faba-PE"}, {"id": "2261", "ano": "2026", "numero": "3", "tipo__sigla": "ATA", "tipo__descricao": "Ata das Sess\u00f5es Ordin\u00e1rias- 1\u00ba PL", "assunto": "Ata da 3\u00aa Sess\u00e3o Ordin\u00e1ria da C\u00e2mara Municipal de Timba\u00faba-PE"}, {"id": "2262", "ano": "2026", "numero": "4", "tipo__sigla": "ATA", "tipo__descricao": "Ata das Sess\u00f5es Ordin\u00e1rias- 1\u00ba PL", "assunto": "Ata da 4\u00aa Sess\u00e3o Ordin\u00e1ria da C\u00e2mara Municipal de Timba\u00faba-PE"}, {"id": "2263", "ano": "2026", "numero": "5", "tipo__sigla": "ATA", "tipo__descricao": "Ata das Sess\u00f5es Ordin\u00e1rias- 1\u00ba PL", "assunto": "Ata da 5\u00aa Sess\u00e3o Ordin\u00e1ria da C\u00e2mara Municipal de Timba\u00faba-PE"}, {"id": "2264", "ano": "2026", "numero": "6", "tipo__sigla": "ATA", "tipo__descricao": "Ata das Sess\u00f5es Ordin\u00e1rias- 1\u00ba PL", "assunto": "Ata da 6\u00aa Sess\u00e3o Ordin\u00e1ria da C\u00e2mara Municipal de Timba\u00faba-PE"}, {"id": "2279", "ano": "2026", "numero": "7", "tipo__sigla": "ATA", "tipo__descricao": "Ata das Sess\u00f5es Ordin\u00e1rias- 1\u00ba PL", "assunto": "Ata da 7\u00aa sess\u00e3o ordin\u00e1ria do dia 16 de Mar\u00e7o de 2026"}]}